{"id":2488,"date":"2021-07-03T09:53:45","date_gmt":"2021-07-03T06:53:45","guid":{"rendered":"http:\/\/cankattaskin.av.tr\/?p=2488"},"modified":"2024-09-07T13:27:42","modified_gmt":"2024-09-07T10:27:42","slug":"kisisel-verileri-koruma-kurulunun-dernek-ve-vakiflar-hk-verbis-karari","status":"publish","type":"post","link":"https:\/\/cankattaskin.av.tr\/?p=2488","title":{"rendered":"K\u0130\u015e\u0130SEL VER\u0130LER\u0130 KORUMA KURULUNUN DERNEK VE VAKIFLAR HK VERB\u0130S KARARI"},"content":{"rendered":"\n<p>Bili\u015fim hukuku alan\u0131nda \u00f6nemli bir karar yay\u0131nland\u0131.<\/p>\n\n\n\n<p>Ki\u015fisel Verileri Koruma Kurulu 24.6.2021 tarih ve 31521 say\u0131l\u0131 Resmi Gazete&#8217;de yay\u0131nlanan 9.6.2021 T ve 2021\/571 say\u0131l\u0131 karar\u0131nda &#8220;Yaln\u0131zca ilgili mevzuat ve ama\u00e7lar\u0131na uygun, faaliyet alanlar\u0131yla s\u0131n\u0131rl\u0131 olmak \u00fczere, ki\u015fisel veri i\u015fleyen T\u00fcrkiye&#8217;de yerle\u015fik dernek, vak\u0131f ve sendikalardan kendisine ba\u011fl\u0131 herhangi bir iktisadi i\u015fletmesi bulunanlar\u0131n Sicile kay\u0131t olmalar\u0131 ile Sicile kay\u0131tlar\u0131 esnas\u0131nda yaln\u0131zca iktisadi i\u015fletmelerin faaliyetlerine ili\u015fkin bilgi giri\u015fi yapmalar\u0131n\u0131n gerekti\u011fine&#8221; karar\u0131 vermi\u015ftir.<\/p>\n\n\n\n<p>Karar\u0131n tam s\u00fcr\u00fcm\u00fcne a\u015fa\u011f\u0131daki linkten ula\u015f\u0131labilir.<\/p>\n\n\n\n<p><a href=\"https:\/\/www.resmigazete.gov.tr\/eskiler\/2021\/06\/20210624-9.pdf\" target=\"_blank\" rel=\"noreferrer noopener\">https:\/\/www.resmigazete.gov.tr\/eskiler\/2021\/06\/20210624-9.pdf<\/a><\/p>\n\n\n\n<p>Avukat Dr. \u015eaban Cankat TA\u015eKIN-Bursa Barosu\u00a0<\/p>\n","protected":false},"excerpt":{"rendered":"<p>Bili\u015fim hukuku alan\u0131nda \u00f6nemli bir karar yay\u0131nland\u0131. Ki\u015fisel Verileri Koruma Kurulu 24.6.2021 tarih ve 31521 say\u0131l\u0131 Resmi Gazete&#8217;de yay\u0131nlanan 9.6.2021 T ve 2021\/571 say\u0131l\u0131 karar\u0131nda &#8220;Yaln\u0131zca ilgili mevzuat ve ama\u00e7lar\u0131na uygun, faaliyet alanlar\u0131yla s\u0131n\u0131rl\u0131 olmak \u00fczere, ki\u015fisel veri i\u015fleyen T\u00fcrkiye&#8217;de &hellip; <a href=\"https:\/\/cankattaskin.av.tr\/?p=2488\">Okumaya devam et <span class=\"meta-nav\">&rarr;<\/span><\/a><\/p>\n","protected":false},"author":1,"featured_media":0,"comment_status":"closed","ping_status":"open","sticky":false,"template":"","format":"standard","meta":{"footnotes":""},"categories":[1],"tags":[145,540,478,539,542],"class_list":["post-2488","post","type-post","status-publish","format-standard","hentry","category-genel","tag-av-s-cankat-taskin","tag-avukat","tag-avukat-cankat-taskin","tag-bursa","tag-saban-cankat-taskin"],"_links":{"self":[{"href":"https:\/\/cankattaskin.av.tr\/index.php?rest_route=\/wp\/v2\/posts\/2488","targetHints":{"allow":["GET"]}}],"collection":[{"href":"https:\/\/cankattaskin.av.tr\/index.php?rest_route=\/wp\/v2\/posts"}],"about":[{"href":"https:\/\/cankattaskin.av.tr\/index.php?rest_route=\/wp\/v2\/types\/post"}],"author":[{"embeddable":true,"href":"https:\/\/cankattaskin.av.tr\/index.php?rest_route=\/wp\/v2\/users\/1"}],"replies":[{"embeddable":true,"href":"https:\/\/cankattaskin.av.tr\/index.php?rest_route=%2Fwp%2Fv2%2Fcomments&post=2488"}],"version-history":[{"count":4,"href":"https:\/\/cankattaskin.av.tr\/index.php?rest_route=\/wp\/v2\/posts\/2488\/revisions"}],"predecessor-version":[{"id":3204,"href":"https:\/\/cankattaskin.av.tr\/index.php?rest_route=\/wp\/v2\/posts\/2488\/revisions\/3204"}],"wp:attachment":[{"href":"https:\/\/cankattaskin.av.tr\/index.php?rest_route=%2Fwp%2Fv2%2Fmedia&parent=2488"}],"wp:term":[{"taxonomy":"category","embeddable":true,"href":"https:\/\/cankattaskin.av.tr\/index.php?rest_route=%2Fwp%2Fv2%2Fcategories&post=2488"},{"taxonomy":"post_tag","embeddable":true,"href":"https:\/\/cankattaskin.av.tr\/index.php?rest_route=%2Fwp%2Fv2%2Ftags&post=2488"}],"curies":[{"name":"wp","href":"https:\/\/api.w.org\/{rel}","templated":true}]}}