{"id":2600,"date":"2022-05-24T08:09:38","date_gmt":"2022-05-24T05:09:38","guid":{"rendered":"http:\/\/cankattaskin.av.tr\/?p=2600"},"modified":"2024-08-16T14:50:52","modified_gmt":"2024-08-16T11:50:52","slug":"kvkk-karari-ilgili-kisinin-ceza-mahkumiyeti-bilgisinin-avukat-olan-veri-sorumlusu-tarafindan-hukuka-aykiri-olarak-elde-edilmesi-ve-mahkeme-dosyasina-sunulmasi","status":"publish","type":"post","link":"https:\/\/cankattaskin.av.tr\/?p=2600","title":{"rendered":"KVKK KARARI \u201c\u0130lgili ki\u015finin ceza mahk\u00fbmiyeti bilgisinin avukat olan veri sorumlusu taraf\u0131ndan hukuka ayk\u0131r\u0131 olarak elde edilmesi ve mahkeme dosyas\u0131na sunulmas\u0131\u201d"},"content":{"rendered":"\n<p>Ki\u015fisel Verileri Koruma Kurulu bili\u015fim hukuku alan\u0131nda \u00f6nemli bir karar verdi. Buna g\u00f6re: <\/p>\n\n\n\n<p>\u201c\u0130lgili ki\u015finin ceza mahk\u00fbmiyeti bilgisinin avukat olan veri sorumlusu taraf\u0131ndan hukuka ayk\u0131r\u0131 olarak elde edilmesi ve mahkeme dosyas\u0131na sunulmas\u0131\u201d hakk\u0131nda Ki\u015fisel Verileri Koruma Kurulunun 02\/11\/2021 tarihli ve 2021\/1111 say\u0131l\u0131 Karar \u00d6zeti<\/p>\n\n\n\n<p><a href=\"https:\/\/kvkk.gov.tr\/Icerik\/7266\/2021-1111?fbclid=IwAR0cvMozaHvlNHDEAQrGPZfsYpMtutKKO7JdsCpA6eIRvkka9fHgvjszD10\" target=\"_blank\" rel=\"noreferrer noopener\">https:\/\/kvkk.gov.tr\/Icerik\/7266\/2021-1111?fbclid=IwAR0cvMozaHvlNHDEAQrGPZfsYpMtutKKO7JdsCpA6eIRvkka9fHgvjszD10<\/a><\/p>\n\n\n\n<p>(Avukat Dr. \u015e. Cankat TA\u015eKIN-Bursa Barosu)<\/p>\n","protected":false},"excerpt":{"rendered":"<p>Ki\u015fisel Verileri Koruma Kurulu bili\u015fim hukuku alan\u0131nda \u00f6nemli bir karar verdi. Buna g\u00f6re: \u201c\u0130lgili ki\u015finin ceza mahk\u00fbmiyeti bilgisinin avukat olan veri sorumlusu taraf\u0131ndan hukuka ayk\u0131r\u0131 olarak elde edilmesi ve mahkeme dosyas\u0131na sunulmas\u0131\u201d hakk\u0131nda Ki\u015fisel Verileri Koruma Kurulunun 02\/11\/2021 tarihli ve &hellip; <a href=\"https:\/\/cankattaskin.av.tr\/?p=2600\">Okumaya devam et <span class=\"meta-nav\">&rarr;<\/span><\/a><\/p>\n","protected":false},"author":1,"featured_media":0,"comment_status":"closed","ping_status":"closed","sticky":false,"template":"","format":"standard","meta":{"footnotes":""},"categories":[1],"tags":[145,540,478,539,542],"class_list":["post-2600","post","type-post","status-publish","format-standard","hentry","category-genel","tag-av-s-cankat-taskin","tag-avukat","tag-avukat-cankat-taskin","tag-bursa","tag-saban-cankat-taskin"],"_links":{"self":[{"href":"https:\/\/cankattaskin.av.tr\/index.php?rest_route=\/wp\/v2\/posts\/2600","targetHints":{"allow":["GET"]}}],"collection":[{"href":"https:\/\/cankattaskin.av.tr\/index.php?rest_route=\/wp\/v2\/posts"}],"about":[{"href":"https:\/\/cankattaskin.av.tr\/index.php?rest_route=\/wp\/v2\/types\/post"}],"author":[{"embeddable":true,"href":"https:\/\/cankattaskin.av.tr\/index.php?rest_route=\/wp\/v2\/users\/1"}],"replies":[{"embeddable":true,"href":"https:\/\/cankattaskin.av.tr\/index.php?rest_route=%2Fwp%2Fv2%2Fcomments&post=2600"}],"version-history":[{"count":6,"href":"https:\/\/cankattaskin.av.tr\/index.php?rest_route=\/wp\/v2\/posts\/2600\/revisions"}],"predecessor-version":[{"id":2769,"href":"https:\/\/cankattaskin.av.tr\/index.php?rest_route=\/wp\/v2\/posts\/2600\/revisions\/2769"}],"wp:attachment":[{"href":"https:\/\/cankattaskin.av.tr\/index.php?rest_route=%2Fwp%2Fv2%2Fmedia&parent=2600"}],"wp:term":[{"taxonomy":"category","embeddable":true,"href":"https:\/\/cankattaskin.av.tr\/index.php?rest_route=%2Fwp%2Fv2%2Fcategories&post=2600"},{"taxonomy":"post_tag","embeddable":true,"href":"https:\/\/cankattaskin.av.tr\/index.php?rest_route=%2Fwp%2Fv2%2Ftags&post=2600"}],"curies":[{"name":"wp","href":"https:\/\/api.w.org\/{rel}","templated":true}]}}