{"id":2673,"date":"2023-04-29T14:11:08","date_gmt":"2023-04-29T11:11:08","guid":{"rendered":"http:\/\/cankattaskin.av.tr\/?p=2673"},"modified":"2024-08-16T14:48:01","modified_gmt":"2024-08-16T11:48:01","slug":"hukumlunun-kisisel-verileri-resmi-mercilerle-yapilan-yazismalarda-korunmalidir","status":"publish","type":"post","link":"https:\/\/cankattaskin.av.tr\/?p=2673","title":{"rendered":"H\u00dcK\u00dcML\u00dcN\u00dcN K\u0130\u015e\u0130SEL VER\u0130LER\u0130 RESM\u0130 MERC\u0130LERLE YAPILAN YAZI\u015eMALARDA KORUNMALIDIR."},"content":{"rendered":"\n<p><\/p>\n\n\n\n<p>Anayasa Mahkemesinden bili\u015fim hukuku ve ki\u015fisel veriler hukuku ile ilgili yeni bir karar \u00e7\u0131kt\u0131. <\/p>\n\n\n\n<p>Anayasa Mahkemesi H\u00fcseyin Nuri Mutlu ba\u015fvurusunda BB: 2019\/4055 (11.1.2023), cezaevi idaresi taraf\u0131ndan h\u00fck\u00fcml\u00fc hakk\u0131nda ba\u015fka resmi mercilerle yap\u0131lan yaz\u0131\u015fmalarda, cezaevi idaresinin di\u011fer kurum ve kurulu\u015flara g\u00f6nderdi\u011fi \u00fcst yaz\u0131larda h\u00fck\u00fcml\u00fcn\u00fcn tutuklama, su\u00e7 t\u00fcr\u00fc ve kimlik bilgilerine h\u00fck\u00fcml\u00fcn\u00fcn r\u0131zas\u0131 olmadan yer verilmesini \u00f6zel hayata sayg\u0131 kapsam\u0131ndaki ki\u015fisel verilerin korunmas\u0131n\u0131 isteme hakk\u0131n\u0131 ihlal etti\u011fine karar vermi\u015ftir. Karar\u0131n tam s\u00fcr\u00fcm\u00fc i\u00e7in a\u015fa\u011f\u0131daki linke t\u0131klanabilir.<\/p>\n\n\n\n<p><a rel=\"noreferrer noopener\" href=\"https:\/\/kararlarbilgibankasi.anayasa.gov.tr\/BB\/2019\/4055\" target=\"_blank\">https:\/\/kararlarbilgibankasi.anayasa.gov.tr\/BB\/2019\/4055<\/a><\/p>\n\n\n\n<p>Avukat Dr.\u015eaban Cankat TA\u015eKIN- Bursa Barosu<\/p>\n","protected":false},"excerpt":{"rendered":"<p>Anayasa Mahkemesinden bili\u015fim hukuku ve ki\u015fisel veriler hukuku ile ilgili yeni bir karar \u00e7\u0131kt\u0131. Anayasa Mahkemesi H\u00fcseyin Nuri Mutlu ba\u015fvurusunda BB: 2019\/4055 (11.1.2023), cezaevi idaresi taraf\u0131ndan h\u00fck\u00fcml\u00fc hakk\u0131nda ba\u015fka resmi mercilerle yap\u0131lan yaz\u0131\u015fmalarda, cezaevi idaresinin di\u011fer kurum ve kurulu\u015flara g\u00f6nderdi\u011fi &hellip; <a href=\"https:\/\/cankattaskin.av.tr\/?p=2673\">Okumaya devam et <span class=\"meta-nav\">&rarr;<\/span><\/a><\/p>\n","protected":false},"author":1,"featured_media":0,"comment_status":"closed","ping_status":"open","sticky":false,"template":"","format":"standard","meta":{"footnotes":""},"categories":[1],"tags":[145,540,478,539,542],"class_list":["post-2673","post","type-post","status-publish","format-standard","hentry","category-genel","tag-av-s-cankat-taskin","tag-avukat","tag-avukat-cankat-taskin","tag-bursa","tag-saban-cankat-taskin"],"_links":{"self":[{"href":"https:\/\/cankattaskin.av.tr\/index.php?rest_route=\/wp\/v2\/posts\/2673","targetHints":{"allow":["GET"]}}],"collection":[{"href":"https:\/\/cankattaskin.av.tr\/index.php?rest_route=\/wp\/v2\/posts"}],"about":[{"href":"https:\/\/cankattaskin.av.tr\/index.php?rest_route=\/wp\/v2\/types\/post"}],"author":[{"embeddable":true,"href":"https:\/\/cankattaskin.av.tr\/index.php?rest_route=\/wp\/v2\/users\/1"}],"replies":[{"embeddable":true,"href":"https:\/\/cankattaskin.av.tr\/index.php?rest_route=%2Fwp%2Fv2%2Fcomments&post=2673"}],"version-history":[{"count":6,"href":"https:\/\/cankattaskin.av.tr\/index.php?rest_route=\/wp\/v2\/posts\/2673\/revisions"}],"predecessor-version":[{"id":2965,"href":"https:\/\/cankattaskin.av.tr\/index.php?rest_route=\/wp\/v2\/posts\/2673\/revisions\/2965"}],"wp:attachment":[{"href":"https:\/\/cankattaskin.av.tr\/index.php?rest_route=%2Fwp%2Fv2%2Fmedia&parent=2673"}],"wp:term":[{"taxonomy":"category","embeddable":true,"href":"https:\/\/cankattaskin.av.tr\/index.php?rest_route=%2Fwp%2Fv2%2Fcategories&post=2673"},{"taxonomy":"post_tag","embeddable":true,"href":"https:\/\/cankattaskin.av.tr\/index.php?rest_route=%2Fwp%2Fv2%2Ftags&post=2673"}],"curies":[{"name":"wp","href":"https:\/\/api.w.org\/{rel}","templated":true}]}}